{"id":45,"date":"2014-09-05T17:15:57","date_gmt":"2014-09-05T17:15:57","guid":{"rendered":"http:\/\/www.navaslaw.com\/contenido\/?p=45"},"modified":"2015-02-12T20:18:25","modified_gmt":"2015-02-12T20:18:25","slug":"instalacion-camaras","status":"publish","type":"post","link":"http:\/\/www.navaslaw.com\/es\/instalacion-camaras\/","title":{"rendered":"Derecho Laboral &#8211; Se avala la instalaci\u00f3n de c\u00e1maras de vigilancia en los centros de trabajo, siempre y cuando no violen el derecho a la intimidad."},"content":{"rendered":"<h3>Derecho Laboral &#8211; Se avala la instalaci\u00f3n de c\u00e1maras de vigilancia en los centros de trabajo, siempre y cuando no violen el derecho a la intimidad.<\/h3>\n<p>De inter\u00e9s para nuestros clientes resulta el voto 11353-2014 de la Sala Constitucional, en el que se aval\u00f3 la instalaci\u00f3n de c\u00e1maras en los centros de trabajo. De acuerdo con el razonamiento de la Sala Constitucional se consider\u00f3 que en el tanto las c\u00e1maras est\u00e9n ubicadas en zonas de uso p\u00fablico, que no sean zonas sensibles (p.e. ba\u00f1os o vestidores), y que no graben el audio de conversaciones privadas, no existe violaci\u00f3n a derecho constitucional alguno.<\/p>\n<p>Descargar: <a href=\"http:\/\/www.navaslaw.com\/contenido\/descargables\/res-n2014011353.pdf\" target=\"_blank\">Res. N\u00ba 2014011353<\/a><\/p>\n","protected":false},"excerpt":{"rendered":"<p>De inter\u00e9s para nuestros clientes resulta el voto 11353-2014 de la Sala Constitucional, en el que se aval\u00f3 la instalaci\u00f3n de c\u00e1maras en los centros de trabajo.<\/p>\n","protected":false},"author":2,"featured_media":591,"comment_status":"closed","ping_status":"closed","sticky":false,"template":"","format":"standard","meta":{"footnotes":""},"categories":[2],"tags":[],"class_list":["post-45","post","type-post","status-publish","format-standard","has-post-thumbnail","hentry","category-blog"],"aioseo_notices":[],"_links":{"self":[{"href":"http:\/\/www.navaslaw.com\/es\/wp-json\/wp\/v2\/posts\/45","targetHints":{"allow":["GET"]}}],"collection":[{"href":"http:\/\/www.navaslaw.com\/es\/wp-json\/wp\/v2\/posts"}],"about":[{"href":"http:\/\/www.navaslaw.com\/es\/wp-json\/wp\/v2\/types\/post"}],"author":[{"embeddable":true,"href":"http:\/\/www.navaslaw.com\/es\/wp-json\/wp\/v2\/users\/2"}],"replies":[{"embeddable":true,"href":"http:\/\/www.navaslaw.com\/es\/wp-json\/wp\/v2\/comments?post=45"}],"version-history":[{"count":18,"href":"http:\/\/www.navaslaw.com\/es\/wp-json\/wp\/v2\/posts\/45\/revisions"}],"predecessor-version":[{"id":466,"href":"http:\/\/www.navaslaw.com\/es\/wp-json\/wp\/v2\/posts\/45\/revisions\/466"}],"wp:featuredmedia":[{"embeddable":true,"href":"http:\/\/www.navaslaw.com\/es\/wp-json\/wp\/v2\/media\/591"}],"wp:attachment":[{"href":"http:\/\/www.navaslaw.com\/es\/wp-json\/wp\/v2\/media?parent=45"}],"wp:term":[{"taxonomy":"category","embeddable":true,"href":"http:\/\/www.navaslaw.com\/es\/wp-json\/wp\/v2\/categories?post=45"},{"taxonomy":"post_tag","embeddable":true,"href":"http:\/\/www.navaslaw.com\/es\/wp-json\/wp\/v2\/tags?post=45"}],"curies":[{"name":"wp","href":"https:\/\/api.w.org\/{rel}","templated":true}]}}