{"id":264,"date":"2014-10-24T22:48:26","date_gmt":"2014-10-24T22:48:26","guid":{"rendered":"http:\/\/www.navaslaw.com\/contenido\/?p=264"},"modified":"2015-01-20T21:45:20","modified_gmt":"2015-01-20T21:45:20","slug":"gloria-valladares-navas","status":"publish","type":"post","link":"http:\/\/www.navaslaw.com\/es\/gloria-valladares-navas\/","title":{"rendered":"Gloriana Valladares Navas"},"content":{"rendered":"<div id=\"socios_info\">\n<h1 class=\"archive-title fontz\"><span>Socios<\/span><\/h1>\n<div class=\"socios_title\">\n<h4>Gloriana<br \/>\nValladares<br \/>\nNavas<br \/>\n<span>Abogada y Notaria<\/span><\/h4>\n<\/div>\n<p>La licenciada Gloriana Valladares Navas se inicia como asistente en el a\u00f1o 1992 en el Bufete Navas &amp; Navas bajo la direcci\u00f3n del Dr. Federico Torrealba Navas, periodo durante el cual tambi\u00e9n estudiaba la carrera de Derecho. Posteriormente y hasta finalizar su carrera, trabaja como asistente de la Licenciada Gloria Navas Montero, socia fundadora. En el a\u00f1o 1997 se gradu\u00f3 con Honores de la Universidad de Costa Rica e inmediatamente ingresa a la Defensa P\u00fablica de la Corte Suprema de Justicia. La pr\u00e1ctica en esta oficina result\u00f3 muy enriquecedora al coincidir con la trascendental reforma que sufri\u00f3 el proceso penal costarricense.<br \/>\nA lo anterior se suma el hecho de haber tenido que laborar en distintos distritos judiciales, entre ellos, Hatillo, Goicochea, San Jos\u00e9, Alajuela, entre otros. En el a\u00f1o 1999 se incorpora al Bufete Navas &amp; Navas, firma a la que ha pertenecido hasta la fecha. El inter\u00e9s y necesidad por mantenerse actualizada en diversas \u00e1reas del Derecho la ha impulsado a participar en seminarios y talleres tales como \u201cResoluci\u00f3n Alternativa de Conflictos en Materia de Familia\u201d, \u201cJusticia Alternativa en Costa Rica: de la Justicia Tradicional a la Justicia necesaria\u201d, \u201cNueva Regulaci\u00f3n de la Administraci\u00f3n por Intervenci\u00f3n Judicial y el Convenio Preventivo\u201d, \u201cLa Propiedad Intelectual\u201d, \u201cLos T\u00e9rminos de Comercio Internacional (INTCOTERMS) y el Contrato de Compraventa Internacional, Marco Jur\u00eddico y Regulatorio\u201d, \u201cResoluci\u00f3n justa y tr\u00e1mite eficiente de los delitos cometidos en perjuicio de los derechos de propiedad intelectual: una visi\u00f3n a la luz del derecho comparado\u201d, \u201cEl Nuevo Recurso de Apelaci\u00f3n Penal\u201d, \u201cEl Recurso de Casaci\u00f3n Penal\u201d, \u201cJornada de Ciencias Forenses\u201d, entre otros, organizados por entidades privadas y p\u00fablicas tales como la Corte Suprema de Justicia, el Colegio de Abogados, Bufete Arias &amp; Mu\u00f1oz y Asesor\u00edas Creativas. Tambi\u00e9n ha ejercido como conferencista en materia de propiedad intelectual, licenciamiento y responsabilidad criminal.<\/p>\n<div class=\"socios_profile\">\n<p><img decoding=\"async\" src=\"http:\/\/www.navaslaw.com\/contenido\/wp-content\/uploads\/2014\/10\/img_gloria.jpg\" alt=\"Socios 1\" title=\"Gloriana Valladares Navas\"\/><\/p>\n<div class=\"profile_info\">\n<ul>\n<li class=\"pname\">Socia<\/li>\n<li class=\"pmail\"><a href=\"mailto:glorianavalladares@navaslaw.com\">glorianavalladares@navaslaw.com<\/a><\/li>\n<li class=\"plang\">Espa\u00f1ol &#8211; Ingl\u00e9s<\/li>\n<li class=\"pesp\">Derecho Penal, Derecho Administrativo \/ Contencioso Administrativo, Derecho Laboral y Derecho de Familia.<\/li>\n<\/ul>\n<\/div>\n<\/div>\n<\/div>\n<p><!--socios info--><\/p>\n","protected":false},"excerpt":{"rendered":"<p>La licenciada Gloriana Valladares Navas se inicia como asistente en el a\u00f1o 1992 en el Bufete Navas &#038; Navas.<\/p>\n","protected":false},"author":2,"featured_media":265,"comment_status":"closed","ping_status":"closed","sticky":false,"template":"","format":"standard","meta":{"footnotes":""},"categories":[8],"tags":[],"class_list":["post-264","post","type-post","status-publish","format-standard","has-post-thumbnail","hentry","category-socios"],"aioseo_notices":[],"_links":{"self":[{"href":"http:\/\/www.navaslaw.com\/es\/wp-json\/wp\/v2\/posts\/264","targetHints":{"allow":["GET"]}}],"collection":[{"href":"http:\/\/www.navaslaw.com\/es\/wp-json\/wp\/v2\/posts"}],"about":[{"href":"http:\/\/www.navaslaw.com\/es\/wp-json\/wp\/v2\/types\/post"}],"author":[{"embeddable":true,"href":"http:\/\/www.navaslaw.com\/es\/wp-json\/wp\/v2\/users\/2"}],"replies":[{"embeddable":true,"href":"http:\/\/www.navaslaw.com\/es\/wp-json\/wp\/v2\/comments?post=264"}],"version-history":[{"count":18,"href":"http:\/\/www.navaslaw.com\/es\/wp-json\/wp\/v2\/posts\/264\/revisions"}],"predecessor-version":[{"id":578,"href":"http:\/\/www.navaslaw.com\/es\/wp-json\/wp\/v2\/posts\/264\/revisions\/578"}],"wp:featuredmedia":[{"embeddable":true,"href":"http:\/\/www.navaslaw.com\/es\/wp-json\/wp\/v2\/media\/265"}],"wp:attachment":[{"href":"http:\/\/www.navaslaw.com\/es\/wp-json\/wp\/v2\/media?parent=264"}],"wp:term":[{"taxonomy":"category","embeddable":true,"href":"http:\/\/www.navaslaw.com\/es\/wp-json\/wp\/v2\/categories?post=264"},{"taxonomy":"post_tag","embeddable":true,"href":"http:\/\/www.navaslaw.com\/es\/wp-json\/wp\/v2\/tags?post=264"}],"curies":[{"name":"wp","href":"https:\/\/api.w.org\/{rel}","templated":true}]}}