{"id":20,"date":"2014-09-03T19:35:40","date_gmt":"2014-09-03T19:35:40","guid":{"rendered":"http:\/\/www.navaslaw.com\/contenido\/?p=20"},"modified":"2014-11-27T21:26:07","modified_gmt":"2014-11-27T21:26:07","slug":"gloria-navas-montero","status":"publish","type":"post","link":"http:\/\/www.navaslaw.com\/es\/gloria-navas-montero\/","title":{"rendered":"Gloria Navas Montero"},"content":{"rendered":"<div id=\"socios_info\">\n<h1 class=\"archive-title fontz\"><span>Socios Fundadores<\/span><\/h1>\n<div class=\"socios_title\">\n<h4>Gloria<br \/>\nNavas<br \/>\nMontero<br \/>\n<span>Abogada y Notaria<\/span><\/h4>\n<\/div>\n<p>Graduada de abogada y notaria de la Universidad de Costa Rica en el a\u00f1o de 1974. Su pr\u00e1ctica profesional la inicia en el Ministerio de Trabajo y Seguridad Social en el Departamento Legal, luego en la empresa privada en Productos de Concreto, S.A. como encargada de la asesor\u00eda legal en distintas materias, entre ellas licitaciones, cobro judicial, negociaci\u00f3n con el Sindicato y otros. Luego integra el Tribunal de Trabajo de Menor Cuant\u00eda en la Corte Suprema de Justicia en la que adquiere pr\u00e1ctica en el juicio oral, lo que ya hab\u00eda iniciado de joven en los Estados Unidos de Am\u00e9rica en cursos de oratorio y debate donde concluy\u00f3 sus estudios secundarios por medio de una beca otorgada por American Field Service. En la Corte Suprema de Justicia pas\u00f3 a ser Fiscal del Ministerio P\u00fablico cuando se introdujo el procedimiento oral y p\u00fablico en Costa Rica.<br \/>\nFue adem\u00e1s, Jefe de Defensores P\u00fablicos y la Corte Suprema de Justicia le hizo un reconocimiento especial en el a\u00f1o 2005 cuando la instituci\u00f3n cumpli\u00f3 35 a\u00f1os de haber sido fundada. El se\u00f1or Presidente de la Corte Suprema de Justicia se expres\u00f3 de ella as\u00ed: \u201c. . .la Defensa P\u00fablica costarricense le debe a Do\u00f1a Gloria sus s\u00f3lidas bases y la formaci\u00f3n de una escuela de excelentes profesionales que fueron los precedentes de excelencia, vocaci\u00f3n de servicio que siempre han caracterizado a esta Instituci\u00f3n . . .\u201d A su vez, la Magistrada de la Sala Tercera de la Corte Suprema de Justicia, Magda Pereira, afirm\u00f3: \u201cnos leg\u00f3 a todos una Defensa P\u00fablica, ejemplo de Am\u00e9rica Latina.\u201d Fue Juez Superior en materia penal y tiene m\u00e1s de treinta a\u00f1os en el ejercicio de litigio en materia constitucional, penal, laboral, administrativa y propiedad intelectual.<\/p>\n<div class=\"socios_profile\">\n<p><img decoding=\"async\" src=\"http:\/\/www.navaslaw.com\/contenido\/wp-content\/themes\/twentytwelve\/images\/socios\/socio_1.jpg\" alt=\"Socios 1\" title=\"Licenciada Gloria Navas Montero\"\/><\/p>\n<div class=\"profile_info\">\n<ul>\n<li class=\"pname\">Socio Fundador<\/li>\n<li class=\"pmail\"><a href=\"mailto:glorianavas@navaslaw.com\">glorianavas@navaslaw.com<\/a><\/li>\n<li class=\"plang\">Espa\u00f1ol &#8211; Ingl\u00e9s<\/li>\n<li class=\"pesp\">Derecho Penal, Constitucional, Administrativo y Laboral<\/li>\n<\/ul>\n<\/div>\n<\/div>\n<h5 class=\"archive-title\"><span>Experiencia Profesional<\/span><\/h5>\n<ul class=\"socios_xp\">\n<li>Departamento Legal del Ministerio de Trabajo y Seguridad Social, Corte Suprema de Justicia como Juez de Trabajo, Fiscal del Ministerio P\u00fablico, Jefatura de Defensores P\u00fablicos, Juez Superior Suplente<\/li>\n<li>Fundadora del Bufete Navas &amp; Navas, asesora legal en materia de propiedad intelectual de la BSA (Business Software Alliance (BSA)<\/li>\n<li>Integrante de \u00d3rgano Director de Procedimientos Administrativos; colaboradora y asesora de otros bufete profesionales, entre ellos Facio &amp; Ca\u00f1as, BLP Abogados<\/li>\n<li>Fiscal del Colegio de Abogados<\/li>\n<li>Asesora de entidades bancarias en temas de su especialidad entre ellos el Banco Popular, la Mutual de Alajuela, Banco Metropolitano, e instituciones p\u00fablicas tales como el INVU (Instituto Costarricense de Vivienda y urbanismo), el Ministerio de Justicia y Ministerio de Agricultura.<\/li>\n<li>Conferencista en la Universidad Latina, Universidad de la Salle, Incae y otros.<\/li>\n<li>Asesora en Comisiones Legislativas<\/li>\n<li>Miembro , asesora y fiscal de CAMTIC (C\u00e1mara de Tecnolog\u00edas e Informaci\u00f3n)<\/li>\n<li>Profesora de Derecho Penal en la Escuela Libre de Derecho y de Derecho Procesal Penal en la Universidad de Costa Rica.<\/li>\n<li>Directora y lectora de varias tesis de grado relacionadas con el tema del Derecho Penal<\/li>\n<li>Integrante del Tribunal Calificador del Premio Alberto Brenes C\u00f3rdoba del Colegio de Abogados.<\/li>\n<li>Coordinaci\u00f3n con la Embajada de los Estados Unidos de Am\u00e9rica en materia de propiedad intelectual y atenci\u00f3n de procesos judiciales.<\/li>\n<li>Nominada para el premio de Profesional Liberal del A\u00f1o por la C\u00e1mara de Comercio (noviembre 2003).<\/li>\n<li>40 a\u00f1os de ejercicio profesional<\/li>\n<li>Integrante del Jurado Calificador del Premio Alberto Brenes C\u00f3rdoba para el a\u00f1o 2003, Colegio de Abogados.<\/li>\n<li>Conferencista invitada por el INCAE<\/li>\n<li>Fiscal de la C\u00e1mara de Tecnolog\u00edas de Informaci\u00f3n y Comunicaci\u00f3n (Camtic), periodo 2007-2009.<\/li>\n<li>Entrevistas varias: Revista Summa, El Financiero, Canal 7, Repretel, etc.<\/li>\n<li>En materia de violencia intrafamiliar y a la mujer.<\/li>\n<li>Presidente Asociaci\u00f3n Proyecto Manantial de apoyo integral a la mujer en condici\u00f3n de agresi\u00f3n<\/li>\n<li>Invitada conferencista sobre temas de violencia intrafamiliar y laboral en Fundaci\u00f3n Esperanza , Colegio de M\u00e9dicos y Cirujanos , empresa privada y otros<\/li>\n<\/ul>\n<h5 class=\"blu archive-title\"><span>Educaci\u00f3n\/Formaci\u00f3n Acad\u00e9mica<\/span><\/h5>\n<ul class=\"socios_xp\">\n<li>Graduada de la Universidad de Costa Rica<\/li>\n<li>Exbecaria de ILANUD\/UNAFEI: Instituto Latinoamericano y de las Naciones Unidas sobre Prevenci\u00f3n del Delito y Tratamiento del Delincuente. Seminario en Jap\u00f3n sobre Justicia Criminal y Tratamiento del Delincuente<\/li>\n<li>Participante en el V Curso Internacional de Capacitaci\u00f3n sobre las Medidas Efectivas de Atenci\u00f3n para Facilitar la Reinserci\u00f3n y Rehabilitaci\u00f3n de las Personas Privadas de Libertad a la Sociedad, celebrado en San Jos\u00e9, en julio del a\u00f1o 2003, organizado por ILANUD<\/li>\n<li>Asistencia a Seminario : Costa Rica Technology Insight, 2007 organizado por Procomer y la CAMTIC<\/li>\n<li>Asistente Seminario Costa Rica Technology Insight 2008<\/li>\n<li>Cursos sobre Soluci\u00f3n Alterna de Conflictos (Harvard-Costa Rica)<\/li>\n<\/ul>\n<\/div>\n<p><!--socios info--><\/p>\n","protected":false},"excerpt":{"rendered":"<p>Graduada de abogada y notaria de la Universidad de Costa Rica en el a\u00f1o de 1974.<\/p>\n","protected":false},"author":2,"featured_media":73,"comment_status":"closed","ping_status":"closed","sticky":false,"template":"","format":"standard","meta":{"footnotes":""},"categories":[3],"tags":[],"class_list":["post-20","post","type-post","status-publish","format-standard","has-post-thumbnail","hentry","category-socios-fundadores"],"aioseo_notices":[],"_links":{"self":[{"href":"http:\/\/www.navaslaw.com\/es\/wp-json\/wp\/v2\/posts\/20","targetHints":{"allow":["GET"]}}],"collection":[{"href":"http:\/\/www.navaslaw.com\/es\/wp-json\/wp\/v2\/posts"}],"about":[{"href":"http:\/\/www.navaslaw.com\/es\/wp-json\/wp\/v2\/types\/post"}],"author":[{"embeddable":true,"href":"http:\/\/www.navaslaw.com\/es\/wp-json\/wp\/v2\/users\/2"}],"replies":[{"embeddable":true,"href":"http:\/\/www.navaslaw.com\/es\/wp-json\/wp\/v2\/comments?post=20"}],"version-history":[{"count":51,"href":"http:\/\/www.navaslaw.com\/es\/wp-json\/wp\/v2\/posts\/20\/revisions"}],"predecessor-version":[{"id":513,"href":"http:\/\/www.navaslaw.com\/es\/wp-json\/wp\/v2\/posts\/20\/revisions\/513"}],"wp:featuredmedia":[{"embeddable":true,"href":"http:\/\/www.navaslaw.com\/es\/wp-json\/wp\/v2\/media\/73"}],"wp:attachment":[{"href":"http:\/\/www.navaslaw.com\/es\/wp-json\/wp\/v2\/media?parent=20"}],"wp:term":[{"taxonomy":"category","embeddable":true,"href":"http:\/\/www.navaslaw.com\/es\/wp-json\/wp\/v2\/categories?post=20"},{"taxonomy":"post_tag","embeddable":true,"href":"http:\/\/www.navaslaw.com\/es\/wp-json\/wp\/v2\/tags?post=20"}],"curies":[{"name":"wp","href":"https:\/\/api.w.org\/{rel}","templated":true}]}}