{"id":148,"date":"2014-10-27T20:14:22","date_gmt":"2014-10-27T20:14:22","guid":{"rendered":"http:\/\/www.navaslaw.com\/contenido\/?p=148"},"modified":"2015-01-20T20:28:23","modified_gmt":"2015-01-20T20:28:23","slug":"nathalie-woodbridge","status":"publish","type":"post","link":"http:\/\/www.navaslaw.com\/es\/nathalie-woodbridge\/","title":{"rendered":"Nathalie Woodbridge"},"content":{"rendered":"<div id=\"socios_info\">\n<h1 class=\"archive-title fontz\"><span>Abogados Asociados y Asistentes<\/span><\/h1>\n<div class=\"socios_title\">\n<h4>\nNathalie<br \/>\nWoodbridge<br \/>\n<span>Abogada y Notaria<\/span><\/h4>\n<\/div>\n<p>Graduada de abogada y notaria de la Universidad de Costa Rica en el a\u00f1o de 1974. Su pr\u00e1ctica profesional la inicia en el Ministerio de Trabajo y Seguridad Social en el Departamento Legal, luego en la empresa privada en Productos de Concreto, S.A. como encargada de la asesor\u00eda legal en distintas materias, entre ellas licitaciones, cobro judicial, negociaci\u00f3n con el Sindicato y otros. Luego integra el Tribunal de Trabajo de Menor Cuant\u00eda en la Corte Suprema de Justicia en la que adquiere pr\u00e1ctica en el juicio oral, lo que ya hab\u00eda iniciado de joven en los Estados Unidos de Am\u00e9rica en cursos de oratorio y debate donde concluy\u00f3 sus estudios secundarios por medio de una beca otorgada por American Field Service. En la Corte Suprema de Justicia pas\u00f3 a ser Fiscal del Ministerio P\u00fablico cuando se introdujo el procedimiento oral y p\u00fablico en Costa Rica.<\/br><br \/>\nFue adem\u00e1s, Jefe de Defensores P\u00fablicos y la Corte Suprema de Justicia le hizo un reconocimiento especial en el a\u00f1o 2005 cuando la instituci\u00f3n cumpli\u00f3 35 a\u00f1os de haber sido fundada. El se\u00f1or Presidente de la Corte Suprema de Justicia se expres\u00f3 de ella as\u00ed: \u201c. . .la Defensa P\u00fablica costarricense le debe a Do\u00f1a Gloria sus s\u00f3lidas bases y la formaci\u00f3n de una escuela de excelentes profesionales que fueron los precedentes de excelencia, vocaci\u00f3n de servicio que siempre han caracterizado a esta Instituci\u00f3n . . .\u201d A su vez, la Magistrada de la Sala Tercera de la Corte Suprema de Justicia, Magda Pereira, afirm\u00f3: \u201cnos leg\u00f3 a todos una Defensa P\u00fablica, ejemplo de Am\u00e9rica Latina.\u201d Fue Juez Superior en materia penal y tiene m\u00e1s de treinta a\u00f1os en el ejercicio de litigio en materia constitucional, penal, laboral, administrativa y propiedad intelectual.<\/p>\n<div class=\"socios_profile\">\n<p><img decoding=\"async\" src=\"http:\/\/www.navaslaw.com\/contenido\/wp-content\/uploads\/2014\/10\/karolina_quiros.jpg\" alt=\"Socios 1\"><\/p>\n<div class=\"profile_info\">\n<ul>\n<li class=\"pname\">Abogado Asociado<\/li>\n<li class=\"pmail\"><a href=\"mailto:karolinaquiros@navaslaw.com\">karolinaquiros@navaslaw.com<\/a><\/li>\n<li class=\"plang\">Espa\u00f1ol &#8211; Ingl\u00e9s<\/li>\n<li class=\"pesp\">Abogada y Notaria<\/li>\n<\/ul>\n<\/div>\n<\/div>\n<p><!--socios info--><\/p>\n","protected":false},"excerpt":{"rendered":"<p>Abogados Asociados y Asistentes Nathalie Woodbridge Abogada y Notaria Graduada de abogada y notaria de la Universidad de Costa Rica en el a\u00f1o de 1974. Su pr\u00e1ctica profesional la inicia en el Ministerio de Trabajo y Seguridad Social en el Departamento Legal, luego en la empresa privada en Productos de Concreto, S.A. como encargada de [&hellip;]<\/p>\n","protected":false},"author":2,"featured_media":0,"comment_status":"closed","ping_status":"closed","sticky":false,"template":"","format":"standard","meta":{"footnotes":""},"categories":[1],"tags":[],"class_list":["post-148","post","type-post","status-publish","format-standard","hentry","category-uncategorized"],"aioseo_notices":[],"_links":{"self":[{"href":"http:\/\/www.navaslaw.com\/es\/wp-json\/wp\/v2\/posts\/148","targetHints":{"allow":["GET"]}}],"collection":[{"href":"http:\/\/www.navaslaw.com\/es\/wp-json\/wp\/v2\/posts"}],"about":[{"href":"http:\/\/www.navaslaw.com\/es\/wp-json\/wp\/v2\/types\/post"}],"author":[{"embeddable":true,"href":"http:\/\/www.navaslaw.com\/es\/wp-json\/wp\/v2\/users\/2"}],"replies":[{"embeddable":true,"href":"http:\/\/www.navaslaw.com\/es\/wp-json\/wp\/v2\/comments?post=148"}],"version-history":[{"count":2,"href":"http:\/\/www.navaslaw.com\/es\/wp-json\/wp\/v2\/posts\/148\/revisions"}],"predecessor-version":[{"id":437,"href":"http:\/\/www.navaslaw.com\/es\/wp-json\/wp\/v2\/posts\/148\/revisions\/437"}],"wp:attachment":[{"href":"http:\/\/www.navaslaw.com\/es\/wp-json\/wp\/v2\/media?parent=148"}],"wp:term":[{"taxonomy":"category","embeddable":true,"href":"http:\/\/www.navaslaw.com\/es\/wp-json\/wp\/v2\/categories?post=148"},{"taxonomy":"post_tag","embeddable":true,"href":"http:\/\/www.navaslaw.com\/es\/wp-json\/wp\/v2\/tags?post=148"}],"curies":[{"name":"wp","href":"https:\/\/api.w.org\/{rel}","templated":true}]}}