{"id":123,"date":"2014-10-27T17:00:25","date_gmt":"2014-10-27T17:00:25","guid":{"rendered":"http:\/\/www.navaslaw.com\/contenido\/?p=123"},"modified":"2015-01-22T15:03:57","modified_gmt":"2015-01-22T15:03:57","slug":"karolina-quiros","status":"publish","type":"post","link":"http:\/\/www.navaslaw.com\/es\/karolina-quiros\/","title":{"rendered":"Karolina Quir\u00f3s"},"content":{"rendered":"<div id=\"socios_info\">\n<h1 class=\"archive-title fontz\"><span>Abogados Asociados y Asistentes<\/span><\/h1>\n<div class=\"socios_title\">\n<h4>Karolina<br \/>\nQuir\u00f3s<br \/>\n<span>Abogada<\/span><\/h4>\n<\/div>\n<p>Karolina Quir\u00f3s Rojas se gradu\u00f3 de la Universidad Latina de Costa Rica como licenciada en Derecho en el a\u00f1o 2014. Durante el tiempo que curs\u00f3 sus estudios universitarios, realiz\u00f3 su pr\u00e1ctica profesional en el Juzgado Contravencional de Menor Cuant\u00eda de Garabito (Jac\u00f3), en la Casa de Justicia de San Pedro y en el Consultorio Jur\u00eddico de la Universidad Latina de Costa Rica.<\/p>\n<p>En su constante b\u00fasqueda de crecimiento profesional, en octubre de 2013 asisti\u00f3 a la Jornada Internacional de Derecho M\u00e9dico. Asimismo, en el a\u00f1o 2014 fue certificada como mediadora y conciliadora por el Colegio de Abogados de Costa Rica y particip\u00f3 en el I Congreso de Mediaci\u00f3n: \u201cRompiendo Paradigmas de la Mediaci\u00f3n\u201d, organizado por dicho Colegio profesional.<\/p>\n<div class=\"socios_profile\">\n<p><img decoding=\"async\" title=\"Karolina Quir\u00f3s\" src=\"http:\/\/www.navaslaw.com\/contenido\/wp-content\/uploads\/2014\/10\/karolina_quiros.jpg\" alt=\"Socios 1\" \/><\/p>\n<div class=\"profile_info\">\n<ul>\n<li class=\"pname\">Asistente Legal<\/li>\n<li class=\"pmail\"><a href=\"mailto:karolinaquiros@navaslaw.com\">karolinaquiros@navaslaw.com<\/a><\/li>\n<li class=\"plang\">Espa\u00f1ol &#8211; Ingl\u00e9s<\/li>\n<li class=\"pesp\">Abogada<\/li>\n<\/ul>\n<\/div>\n<\/div>\n<\/div>\n<p><!--socios info--><\/p>\n","protected":false},"excerpt":{"rendered":"<p>Karolina Quir\u00f3s Rojas se gradu\u00f3 de la Universidad Latina de Costa Rica como licenciada en Derecho en el a\u00f1o 2014.<\/p>\n","protected":false},"author":2,"featured_media":128,"comment_status":"closed","ping_status":"closed","sticky":false,"template":"","format":"standard","meta":{"footnotes":""},"categories":[9],"tags":[],"class_list":["post-123","post","type-post","status-publish","format-standard","has-post-thumbnail","hentry","category-abogados-asociados"],"aioseo_notices":[],"_links":{"self":[{"href":"http:\/\/www.navaslaw.com\/es\/wp-json\/wp\/v2\/posts\/123","targetHints":{"allow":["GET"]}}],"collection":[{"href":"http:\/\/www.navaslaw.com\/es\/wp-json\/wp\/v2\/posts"}],"about":[{"href":"http:\/\/www.navaslaw.com\/es\/wp-json\/wp\/v2\/types\/post"}],"author":[{"embeddable":true,"href":"http:\/\/www.navaslaw.com\/es\/wp-json\/wp\/v2\/users\/2"}],"replies":[{"embeddable":true,"href":"http:\/\/www.navaslaw.com\/es\/wp-json\/wp\/v2\/comments?post=123"}],"version-history":[{"count":25,"href":"http:\/\/www.navaslaw.com\/es\/wp-json\/wp\/v2\/posts\/123\/revisions"}],"predecessor-version":[{"id":585,"href":"http:\/\/www.navaslaw.com\/es\/wp-json\/wp\/v2\/posts\/123\/revisions\/585"}],"wp:featuredmedia":[{"embeddable":true,"href":"http:\/\/www.navaslaw.com\/es\/wp-json\/wp\/v2\/media\/128"}],"wp:attachment":[{"href":"http:\/\/www.navaslaw.com\/es\/wp-json\/wp\/v2\/media?parent=123"}],"wp:term":[{"taxonomy":"category","embeddable":true,"href":"http:\/\/www.navaslaw.com\/es\/wp-json\/wp\/v2\/categories?post=123"},{"taxonomy":"post_tag","embeddable":true,"href":"http:\/\/www.navaslaw.com\/es\/wp-json\/wp\/v2\/tags?post=123"}],"curies":[{"name":"wp","href":"https:\/\/api.w.org\/{rel}","templated":true}]}}